{"id":333,"date":"2024-03-20T11:11:29","date_gmt":"2024-03-20T11:11:29","guid":{"rendered":"https:\/\/notsanforum.de\/?p=333"},"modified":"2024-03-20T11:11:30","modified_gmt":"2024-03-20T11:11:30","slug":"wer-ist-mein-hausarzt-wenn-ich-kein-haus-habe-eine-versorgungsluecke-fuer-obdachlose-in-der-praeklinik-julia-berg","status":"publish","type":"post","link":"https:\/\/notsanforum.de\/?p=333","title":{"rendered":"Wer ist mein Hausarzt, wenn ich kein Haus habe? Eine Versorgungsl\u00fccke f\u00fcr Obdachlose in der Pr\u00e4klinik \u2013 Julia Berg"},"content":{"rendered":"\n<div class=\"wp-block-pdf-viewer-block-standard\" style=\"text-align:left\"><div class=\"uploaded-pdf\"><a href=\"https:\/\/notsanforum.de\/wp-content\/uploads\/2024\/03\/Abstract-zur-praeklinischen-Versorgung-obdachloser-Patienten.pdf\" data-width=\"\" data-height=\"\"><\/a><\/div><\/div>\n","protected":false},"excerpt":{"rendered":"","protected":false},"author":1,"featured_media":0,"comment_status":"closed","ping_status":"open","sticky":false,"template":"","format":"standard","meta":{"footnotes":""},"categories":[4],"tags":[],"class_list":["post-333","post","type-post","status-publish","format-standard","hentry","category-abstracts24"],"_links":{"self":[{"href":"https:\/\/notsanforum.de\/index.php?rest_route=\/wp\/v2\/posts\/333","targetHints":{"allow":["GET"]}}],"collection":[{"href":"https:\/\/notsanforum.de\/index.php?rest_route=\/wp\/v2\/posts"}],"about":[{"href":"https:\/\/notsanforum.de\/index.php?rest_route=\/wp\/v2\/types\/post"}],"author":[{"embeddable":true,"href":"https:\/\/notsanforum.de\/index.php?rest_route=\/wp\/v2\/users\/1"}],"replies":[{"embeddable":true,"href":"https:\/\/notsanforum.de\/index.php?rest_route=%2Fwp%2Fv2%2Fcomments&post=333"}],"version-history":[{"count":1,"href":"https:\/\/notsanforum.de\/index.php?rest_route=\/wp\/v2\/posts\/333\/revisions"}],"predecessor-version":[{"id":335,"href":"https:\/\/notsanforum.de\/index.php?rest_route=\/wp\/v2\/posts\/333\/revisions\/335"}],"wp:attachment":[{"href":"https:\/\/notsanforum.de\/index.php?rest_route=%2Fwp%2Fv2%2Fmedia&parent=333"}],"wp:term":[{"taxonomy":"category","embeddable":true,"href":"https:\/\/notsanforum.de\/index.php?rest_route=%2Fwp%2Fv2%2Fcategories&post=333"},{"taxonomy":"post_tag","embeddable":true,"href":"https:\/\/notsanforum.de\/index.php?rest_route=%2Fwp%2Fv2%2Ftags&post=333"}],"curies":[{"name":"wp","href":"https:\/\/api.w.org\/{rel}","templated":true}]}}